{"id":15077,"date":"2016-08-05T14:10:00","date_gmt":"2016-08-05T14:10:00","guid":{"rendered":"https:\/\/kurita-eu-gudza2cjbzfhcwbx.francecentral-01.azurewebsites.net\/?p=15077"},"modified":"2025-05-09T08:43:01","modified_gmt":"2025-05-09T08:43:01","slug":"kurita-en-el-espacio-la-iss-estara-equipada-con-nuestro-innovador-sistema-de-reciclado-de-agua","status":"publish","type":"post","link":"https:\/\/latam.kurita-water.com\/es\/kurita-en-el-espacio-la-iss-estara-equipada-con-nuestro-innovador-sistema-de-reciclado-de-agua\/","title":{"rendered":"Kurita en el espacio: la ISS estar\u00e1 equipada con nuestro innovador sistema de reciclado de agua"},"content":{"rendered":"<div data-elementor-type=\"wp-post\" data-elementor-id=\"15077\" class=\"elementor elementor-15077\" data-elementor-post-type=\"post\">\n\t\t\t\t\t\t<section class=\"elementor-section elementor-top-section elementor-element elementor-element-228aaad5 elementor-section-boxed elementor-section-height-default elementor-section-height-default\" data-id=\"228aaad5\" data-element_type=\"section\">\n\t\t\t\t\t\t<div class=\"elementor-container elementor-column-gap-default\">\n\t\t\t\t\t<div class=\"elementor-column elementor-col-100 elementor-top-column elementor-element elementor-element-4d4eafb9\" data-id=\"4d4eafb9\" data-element_type=\"column\">\n\t\t\t<div class=\"elementor-widget-wrap elementor-element-populated\">\n\t\t\t\t\t\t<div class=\"elementor-element elementor-element-68de17bd elementor-widget elementor-widget-text-editor\" data-id=\"68de17bd\" data-element_type=\"widget\" data-widget_type=\"text-editor.default\">\n\t\t\t\t<div class=\"elementor-widget-container\">\n\t\t\t\t\t\t\t\t\t\n<p><a href=\"http:\/\/www.kurita.co.jp\/english\/aboutus\/press151002.html\" target=\"_blank\" rel=\"noreferrer noopener\">Kurita Water Industries Ltd.<\/a> ha recibido un pedido de la Agencia de Exploraci\u00f3n Aeroespacial de Jap\u00f3n (JAXA) para la fabricaci\u00f3n de un modelo de vuelo del sistema de demostraci\u00f3n de reciclaje de agua de nueva generaci\u00f3n de la empresa[nbsp]nbsp. Est\u00e1 previsto que este sistema se instale en el m\u00f3dulo experimental japon\u00e9s \"Kibo\" de la Estaci\u00f3n Espacial Internacional.<\/p>\n\t\t\t\t\t\t\t\t<\/div>\n\t\t\t\t<\/div>\n\t\t\t\t\t<\/div>\n\t\t<\/div>\n\t\t\t\t\t<\/div>\n\t\t<\/section>\n\t\t\t\t<\/div>","protected":false},"excerpt":{"rendered":"<p>Kurita Water Industries Ltd. ha recibido un pedido de la Agencia de Exploraci\u00f3n Aeroespacial de Jap\u00f3n (JAXA) para la fabricaci\u00f3n de un modelo de vuelo del sistema de demostraci\u00f3n de reciclaje de agua de pr\u00f3xima generaci\u00f3n de la empresa. Est\u00e1 previsto que este sistema se instale en el m\u00f3dulo experimental japon\u00e9s \"Kibo\" de la Estaci\u00f3n Espacial Internacional.<\/p>","protected":false},"author":2,"featured_media":15490,"comment_status":"open","ping_status":"open","sticky":false,"template":"","format":"standard","meta":{"footnotes":""},"categories":[61],"tags":[],"class_list":["post-15077","post","type-post","status-publish","format-standard","has-post-thumbnail","hentry","category-the-splash"],"yoast_head":"<!-- This site is optimized with the Yoast SEO plugin v25.5 - https:\/\/yoast.com\/wordpress\/plugins\/seo\/ -->\n<title>Kurita in space: the ISS will be equipped with our innovative water recycling system - Kurita LATAM<\/title>\n<meta name=\"robots\" content=\"index, follow, max-snippet:-1, max-image-preview:large, max-video-preview:-1\" \/>\n<link rel=\"canonical\" href=\"https:\/\/latam.kurita-water.com\/es\/kurita-en-el-espacio-la-iss-estara-equipada-con-nuestro-innovador-sistema-de-reciclado-de-agua\/\" \/>\n<meta property=\"og:locale\" content=\"es_ES\" \/>\n<meta property=\"og:type\" content=\"article\" \/>\n<meta property=\"og:title\" content=\"Kurita in space: the ISS will be equipped with our innovative water recycling system - Kurita LATAM\" \/>\n<meta property=\"og:description\" content=\"Kurita Water Industries Ltd. received an order from the Japan Aerospace Exploration Agency (JAXA) for the manufacture of a flight model of the company\u2019s next generation water recycling[nbsp]demonstration system. This system is scheduled to be installed in the Japanese Experiment Module \u201cKibo\u201d on the International Space Station.\" \/>\n<meta property=\"og:url\" content=\"https:\/\/latam.kurita-water.com\/es\/kurita-en-el-espacio-la-iss-estara-equipada-con-nuestro-innovador-sistema-de-reciclado-de-agua\/\" \/>\n<meta property=\"og:site_name\" content=\"Kurita LATAM\" \/>\n<meta property=\"article:published_time\" content=\"2016-08-05T14:10:00+00:00\" \/>\n<meta property=\"article:modified_time\" content=\"2025-05-09T08:43:01+00:00\" \/>\n<meta property=\"og:image\" content=\"https:\/\/latam.kurita-water.com\/wp-content\/uploads\/2025\/04\/the-beautiful-shining-stars-in-the-night-sky-1.jpg\" \/>\n\t<meta property=\"og:image:width\" content=\"1920\" \/>\n\t<meta property=\"og:image:height\" content=\"1280\" \/>\n\t<meta property=\"og:image:type\" content=\"image\/jpeg\" \/>\n<meta name=\"author\" content=\"leandro.miro@kurita-water.com\" \/>\n<meta name=\"twitter:card\" content=\"summary_large_image\" \/>\n<meta name=\"twitter:label1\" content=\"Escrito por\" \/>\n\t<meta name=\"twitter:data1\" content=\"leandro.miro@kurita-water.com\" \/>\n<script type=\"application\/ld+json\" class=\"yoast-schema-graph\">{\"@context\":\"https:\/\/schema.org\",\"@graph\":[{\"@type\":\"Article\",\"@id\":\"https:\/\/latam.kurita-water.com\/es\/kurita-en-el-espacio-la-iss-estara-equipada-con-nuestro-innovador-sistema-de-reciclado-de-agua\/#article\",\"isPartOf\":{\"@id\":\"https:\/\/latam.kurita-water.com\/es\/kurita-en-el-espacio-la-iss-estara-equipada-con-nuestro-innovador-sistema-de-reciclado-de-agua\/\"},\"author\":{\"name\":\"leandro.miro@kurita-water.com\",\"@id\":\"https:\/\/latam.kurita-water.com\/es\/#\/schema\/person\/a805883ed7a2b99e66b07d9df23b92b7\"},\"headline\":\"Kurita in space: the ISS will be equipped with our innovative water recycling system\",\"datePublished\":\"2016-08-05T14:10:00+00:00\",\"dateModified\":\"2025-05-09T08:43:01+00:00\",\"mainEntityOfPage\":{\"@id\":\"https:\/\/latam.kurita-water.com\/es\/kurita-en-el-espacio-la-iss-estara-equipada-con-nuestro-innovador-sistema-de-reciclado-de-agua\/\"},\"wordCount\":64,\"commentCount\":0,\"publisher\":{\"@id\":\"https:\/\/latam.kurita-water.com\/es\/#organization\"},\"image\":{\"@id\":\"https:\/\/latam.kurita-water.com\/es\/kurita-en-el-espacio-la-iss-estara-equipada-con-nuestro-innovador-sistema-de-reciclado-de-agua\/#primaryimage\"},\"thumbnailUrl\":\"\/wp-content\/uploads\/2025\/04\/the-beautiful-shining-stars-in-the-night-sky-1.jpg\",\"articleSection\":[\"The Splash\"],\"inLanguage\":\"es\",\"potentialAction\":[{\"@type\":\"CommentAction\",\"name\":\"Comment\",\"target\":[\"https:\/\/latam.kurita-water.com\/es\/kurita-en-el-espacio-la-iss-estara-equipada-con-nuestro-innovador-sistema-de-reciclado-de-agua\/#respond\"]}]},{\"@type\":\"WebPage\",\"@id\":\"https:\/\/latam.kurita-water.com\/es\/kurita-en-el-espacio-la-iss-estara-equipada-con-nuestro-innovador-sistema-de-reciclado-de-agua\/\",\"url\":\"https:\/\/latam.kurita-water.com\/es\/kurita-en-el-espacio-la-iss-estara-equipada-con-nuestro-innovador-sistema-de-reciclado-de-agua\/\",\"name\":\"Kurita in space: the ISS will be equipped with our innovative water recycling system - Kurita LATAM\",\"isPartOf\":{\"@id\":\"https:\/\/latam.kurita-water.com\/es\/#website\"},\"primaryImageOfPage\":{\"@id\":\"https:\/\/latam.kurita-water.com\/es\/kurita-en-el-espacio-la-iss-estara-equipada-con-nuestro-innovador-sistema-de-reciclado-de-agua\/#primaryimage\"},\"image\":{\"@id\":\"https:\/\/latam.kurita-water.com\/es\/kurita-en-el-espacio-la-iss-estara-equipada-con-nuestro-innovador-sistema-de-reciclado-de-agua\/#primaryimage\"},\"thumbnailUrl\":\"\/wp-content\/uploads\/2025\/04\/the-beautiful-shining-stars-in-the-night-sky-1.jpg\",\"datePublished\":\"2016-08-05T14:10:00+00:00\",\"dateModified\":\"2025-05-09T08:43:01+00:00\",\"breadcrumb\":{\"@id\":\"https:\/\/latam.kurita-water.com\/es\/kurita-en-el-espacio-la-iss-estara-equipada-con-nuestro-innovador-sistema-de-reciclado-de-agua\/#breadcrumb\"},\"inLanguage\":\"es\",\"potentialAction\":[{\"@type\":\"ReadAction\",\"target\":[\"https:\/\/latam.kurita-water.com\/es\/kurita-en-el-espacio-la-iss-estara-equipada-con-nuestro-innovador-sistema-de-reciclado-de-agua\/\"]}]},{\"@type\":\"ImageObject\",\"inLanguage\":\"es\",\"@id\":\"https:\/\/latam.kurita-water.com\/es\/kurita-en-el-espacio-la-iss-estara-equipada-con-nuestro-innovador-sistema-de-reciclado-de-agua\/#primaryimage\",\"url\":\"\/wp-content\/uploads\/2025\/04\/the-beautiful-shining-stars-in-the-night-sky-1.jpg\",\"contentUrl\":\"\/wp-content\/uploads\/2025\/04\/the-beautiful-shining-stars-in-the-night-sky-1.jpg\",\"width\":1920,\"height\":1280,\"caption\":\"Beautiful shining stars in the night sky\"},{\"@type\":\"BreadcrumbList\",\"@id\":\"https:\/\/latam.kurita-water.com\/es\/kurita-en-el-espacio-la-iss-estara-equipada-con-nuestro-innovador-sistema-de-reciclado-de-agua\/#breadcrumb\",\"itemListElement\":[{\"@type\":\"ListItem\",\"position\":1,\"name\":\"Home\",\"item\":\"https:\/\/latam.kurita-water.com\/en\/\"},{\"@type\":\"ListItem\",\"position\":2,\"name\":\"Kurita in space: the ISS will be equipped with our innovative water recycling system\"}]},{\"@type\":\"WebSite\",\"@id\":\"https:\/\/latam.kurita-water.com\/es\/#website\",\"url\":\"https:\/\/latam.kurita-water.com\/es\/\",\"name\":\"Kurita LATAM\",\"description\":\"Water Treatment Solutions\",\"publisher\":{\"@id\":\"https:\/\/latam.kurita-water.com\/es\/#organization\"},\"potentialAction\":[{\"@type\":\"SearchAction\",\"target\":{\"@type\":\"EntryPoint\",\"urlTemplate\":\"https:\/\/latam.kurita-water.com\/es\/?s={search_term_string}\"},\"query-input\":{\"@type\":\"PropertyValueSpecification\",\"valueRequired\":true,\"valueName\":\"search_term_string\"}}],\"inLanguage\":\"es\"},{\"@type\":\"Organization\",\"@id\":\"https:\/\/latam.kurita-water.com\/es\/#organization\",\"name\":\"Kurita LATAM\",\"url\":\"https:\/\/latam.kurita-water.com\/es\/\",\"logo\":{\"@type\":\"ImageObject\",\"inLanguage\":\"es\",\"@id\":\"https:\/\/latam.kurita-water.com\/es\/#\/schema\/logo\/image\/\",\"url\":\"\/wp-content\/uploads\/2025\/05\/cropped-brand_mark_horizon_blue.png\",\"contentUrl\":\"\/wp-content\/uploads\/2025\/05\/cropped-brand_mark_horizon_blue.png\",\"width\":712,\"height\":204,\"caption\":\"Kurita LATAM\"},\"image\":{\"@id\":\"https:\/\/latam.kurita-water.com\/es\/#\/schema\/logo\/image\/\"}},{\"@type\":\"Person\",\"@id\":\"https:\/\/latam.kurita-water.com\/es\/#\/schema\/person\/a805883ed7a2b99e66b07d9df23b92b7\",\"name\":\"leandro.miro@kurita-water.com\",\"image\":{\"@type\":\"ImageObject\",\"inLanguage\":\"es\",\"@id\":\"https:\/\/latam.kurita-water.com\/es\/#\/schema\/person\/image\/\",\"url\":\"https:\/\/secure.gravatar.com\/avatar\/bc066715c20616f43cd8b8e202d87d6d4165490b54e381d88e1e688a6b27db62?s=96&d=mm&r=g\",\"contentUrl\":\"https:\/\/secure.gravatar.com\/avatar\/bc066715c20616f43cd8b8e202d87d6d4165490b54e381d88e1e688a6b27db62?s=96&d=mm&r=g\",\"caption\":\"leandro.miro@kurita-water.com\"},\"url\":\"https:\/\/latam.kurita-water.com\/es\/author\/leandro-mirokurita-water-com\/\"}]}<\/script>\n<!-- \/ Yoast SEO plugin. -->","yoast_head_json":{"title":"Kurita in space: the ISS will be equipped with our innovative water recycling system - Kurita LATAM","robots":{"index":"index","follow":"follow","max-snippet":"max-snippet:-1","max-image-preview":"max-image-preview:large","max-video-preview":"max-video-preview:-1"},"canonical":"https:\/\/latam.kurita-water.com\/es\/kurita-en-el-espacio-la-iss-estara-equipada-con-nuestro-innovador-sistema-de-reciclado-de-agua\/","og_locale":"es_ES","og_type":"article","og_title":"Kurita in space: the ISS will be equipped with our innovative water recycling system - Kurita LATAM","og_description":"Kurita Water Industries Ltd. received an order from the Japan Aerospace Exploration Agency (JAXA) for the manufacture of a flight model of the company\u2019s next generation water recycling[nbsp]demonstration system. This system is scheduled to be installed in the Japanese Experiment Module \u201cKibo\u201d on the International Space Station.","og_url":"https:\/\/latam.kurita-water.com\/es\/kurita-en-el-espacio-la-iss-estara-equipada-con-nuestro-innovador-sistema-de-reciclado-de-agua\/","og_site_name":"Kurita LATAM","article_published_time":"2016-08-05T14:10:00+00:00","article_modified_time":"2025-05-09T08:43:01+00:00","og_image":[{"width":1920,"height":1280,"url":"https:\/\/latam.kurita-water.com\/wp-content\/uploads\/2025\/04\/the-beautiful-shining-stars-in-the-night-sky-1.jpg","type":"image\/jpeg"}],"author":"leandro.miro@kurita-water.com","twitter_card":"summary_large_image","twitter_misc":{"Escrito por":"leandro.miro@kurita-water.com"},"schema":{"@context":"https:\/\/schema.org","@graph":[{"@type":"Article","@id":"https:\/\/latam.kurita-water.com\/es\/kurita-en-el-espacio-la-iss-estara-equipada-con-nuestro-innovador-sistema-de-reciclado-de-agua\/#article","isPartOf":{"@id":"https:\/\/latam.kurita-water.com\/es\/kurita-en-el-espacio-la-iss-estara-equipada-con-nuestro-innovador-sistema-de-reciclado-de-agua\/"},"author":{"name":"leandro.miro@kurita-water.com","@id":"https:\/\/latam.kurita-water.com\/es\/#\/schema\/person\/a805883ed7a2b99e66b07d9df23b92b7"},"headline":"Kurita in space: the ISS will be equipped with our innovative water recycling system","datePublished":"2016-08-05T14:10:00+00:00","dateModified":"2025-05-09T08:43:01+00:00","mainEntityOfPage":{"@id":"https:\/\/latam.kurita-water.com\/es\/kurita-en-el-espacio-la-iss-estara-equipada-con-nuestro-innovador-sistema-de-reciclado-de-agua\/"},"wordCount":64,"commentCount":0,"publisher":{"@id":"https:\/\/latam.kurita-water.com\/es\/#organization"},"image":{"@id":"https:\/\/latam.kurita-water.com\/es\/kurita-en-el-espacio-la-iss-estara-equipada-con-nuestro-innovador-sistema-de-reciclado-de-agua\/#primaryimage"},"thumbnailUrl":"\/wp-content\/uploads\/2025\/04\/the-beautiful-shining-stars-in-the-night-sky-1.jpg","articleSection":["The Splash"],"inLanguage":"es","potentialAction":[{"@type":"CommentAction","name":"Comment","target":["https:\/\/latam.kurita-water.com\/es\/kurita-en-el-espacio-la-iss-estara-equipada-con-nuestro-innovador-sistema-de-reciclado-de-agua\/#respond"]}]},{"@type":"WebPage","@id":"https:\/\/latam.kurita-water.com\/es\/kurita-en-el-espacio-la-iss-estara-equipada-con-nuestro-innovador-sistema-de-reciclado-de-agua\/","url":"https:\/\/latam.kurita-water.com\/es\/kurita-en-el-espacio-la-iss-estara-equipada-con-nuestro-innovador-sistema-de-reciclado-de-agua\/","name":"Kurita in space: the ISS will be equipped with our innovative water recycling system - Kurita LATAM","isPartOf":{"@id":"https:\/\/latam.kurita-water.com\/es\/#website"},"primaryImageOfPage":{"@id":"https:\/\/latam.kurita-water.com\/es\/kurita-en-el-espacio-la-iss-estara-equipada-con-nuestro-innovador-sistema-de-reciclado-de-agua\/#primaryimage"},"image":{"@id":"https:\/\/latam.kurita-water.com\/es\/kurita-en-el-espacio-la-iss-estara-equipada-con-nuestro-innovador-sistema-de-reciclado-de-agua\/#primaryimage"},"thumbnailUrl":"\/wp-content\/uploads\/2025\/04\/the-beautiful-shining-stars-in-the-night-sky-1.jpg","datePublished":"2016-08-05T14:10:00+00:00","dateModified":"2025-05-09T08:43:01+00:00","breadcrumb":{"@id":"https:\/\/latam.kurita-water.com\/es\/kurita-en-el-espacio-la-iss-estara-equipada-con-nuestro-innovador-sistema-de-reciclado-de-agua\/#breadcrumb"},"inLanguage":"es","potentialAction":[{"@type":"ReadAction","target":["https:\/\/latam.kurita-water.com\/es\/kurita-en-el-espacio-la-iss-estara-equipada-con-nuestro-innovador-sistema-de-reciclado-de-agua\/"]}]},{"@type":"ImageObject","inLanguage":"es","@id":"https:\/\/latam.kurita-water.com\/es\/kurita-en-el-espacio-la-iss-estara-equipada-con-nuestro-innovador-sistema-de-reciclado-de-agua\/#primaryimage","url":"\/wp-content\/uploads\/2025\/04\/the-beautiful-shining-stars-in-the-night-sky-1.jpg","contentUrl":"\/wp-content\/uploads\/2025\/04\/the-beautiful-shining-stars-in-the-night-sky-1.jpg","width":1920,"height":1280,"caption":"Beautiful shining stars in the night sky"},{"@type":"BreadcrumbList","@id":"https:\/\/latam.kurita-water.com\/es\/kurita-en-el-espacio-la-iss-estara-equipada-con-nuestro-innovador-sistema-de-reciclado-de-agua\/#breadcrumb","itemListElement":[{"@type":"ListItem","position":1,"name":"Home","item":"https:\/\/latam.kurita-water.com\/en\/"},{"@type":"ListItem","position":2,"name":"Kurita in space: the ISS will be equipped with our innovative water recycling system"}]},{"@type":"WebSite","@id":"https:\/\/latam.kurita-water.com\/es\/#website","url":"https:\/\/latam.kurita-water.com\/es\/","name":"Kurita LATAM","description":"Soluciones para el tratamiento del agua","publisher":{"@id":"https:\/\/latam.kurita-water.com\/es\/#organization"},"potentialAction":[{"@type":"SearchAction","target":{"@type":"EntryPoint","urlTemplate":"https:\/\/latam.kurita-water.com\/es\/?s={search_term_string}"},"query-input":{"@type":"PropertyValueSpecification","valueRequired":true,"valueName":"search_term_string"}}],"inLanguage":"es"},{"@type":"Organization","@id":"https:\/\/latam.kurita-water.com\/es\/#organization","name":"Kurita LATAM","url":"https:\/\/latam.kurita-water.com\/es\/","logo":{"@type":"ImageObject","inLanguage":"es","@id":"https:\/\/latam.kurita-water.com\/es\/#\/schema\/logo\/image\/","url":"\/wp-content\/uploads\/2025\/05\/cropped-brand_mark_horizon_blue.png","contentUrl":"\/wp-content\/uploads\/2025\/05\/cropped-brand_mark_horizon_blue.png","width":712,"height":204,"caption":"Kurita LATAM"},"image":{"@id":"https:\/\/latam.kurita-water.com\/es\/#\/schema\/logo\/image\/"}},{"@type":"Person","@id":"https:\/\/latam.kurita-water.com\/es\/#\/schema\/person\/a805883ed7a2b99e66b07d9df23b92b7","name":"leandro.miro@kurita-water.com","image":{"@type":"ImageObject","inLanguage":"es","@id":"https:\/\/latam.kurita-water.com\/es\/#\/schema\/person\/image\/","url":"https:\/\/secure.gravatar.com\/avatar\/bc066715c20616f43cd8b8e202d87d6d4165490b54e381d88e1e688a6b27db62?s=96&d=mm&r=g","contentUrl":"https:\/\/secure.gravatar.com\/avatar\/bc066715c20616f43cd8b8e202d87d6d4165490b54e381d88e1e688a6b27db62?s=96&d=mm&r=g","caption":"leandro.miro@kurita-water.com"},"url":"https:\/\/latam.kurita-water.com\/es\/author\/leandro-mirokurita-water-com\/"}]}},"_links":{"self":[{"href":"https:\/\/latam.kurita-water.com\/es\/wp-json\/wp\/v2\/posts\/15077","targetHints":{"allow":["GET"]}}],"collection":[{"href":"https:\/\/latam.kurita-water.com\/es\/wp-json\/wp\/v2\/posts"}],"about":[{"href":"https:\/\/latam.kurita-water.com\/es\/wp-json\/wp\/v2\/types\/post"}],"author":[{"embeddable":true,"href":"https:\/\/latam.kurita-water.com\/es\/wp-json\/wp\/v2\/users\/2"}],"replies":[{"embeddable":true,"href":"https:\/\/latam.kurita-water.com\/es\/wp-json\/wp\/v2\/comments?post=15077"}],"version-history":[{"count":4,"href":"https:\/\/latam.kurita-water.com\/es\/wp-json\/wp\/v2\/posts\/15077\/revisions"}],"predecessor-version":[{"id":15083,"href":"https:\/\/latam.kurita-water.com\/es\/wp-json\/wp\/v2\/posts\/15077\/revisions\/15083"}],"wp:featuredmedia":[{"embeddable":true,"href":"https:\/\/latam.kurita-water.com\/es\/wp-json\/wp\/v2\/media\/15490"}],"wp:attachment":[{"href":"https:\/\/latam.kurita-water.com\/es\/wp-json\/wp\/v2\/media?parent=15077"}],"wp:term":[{"taxonomy":"category","embeddable":true,"href":"https:\/\/latam.kurita-water.com\/es\/wp-json\/wp\/v2\/categories?post=15077"},{"taxonomy":"post_tag","embeddable":true,"href":"https:\/\/latam.kurita-water.com\/es\/wp-json\/wp\/v2\/tags?post=15077"}],"curies":[{"name":"wp","href":"https:\/\/api.w.org\/{rel}","templated":true}]}}